{"id":143,"date":"2024-10-30T08:16:55","date_gmt":"2024-10-30T07:16:55","guid":{"rendered":"https:\/\/www.collectif-les-etincelles.fr\/?p=143"},"modified":"2024-11-06T13:49:23","modified_gmt":"2024-11-06T12:49:23","slug":"13-novembre-2024-table-ronde-sur-le-droit-du-travail-dans-le-cinema-danimation","status":"publish","type":"post","link":"https:\/\/www.collectif-les-etincelles.fr\/?p=143","title":{"rendered":"13 novembre 2024 : Table ronde sur le droit du travail dans le cin\u00e9ma d&rsquo;animation"},"content":{"rendered":"\n<p>Le 13 novembre \u00e0 18h nous aurons le plaisir de recevoir Nicolas Yassinski , juriste et d\u00e9l\u00e9gu\u00e9 g\u00e9n\u00e9ral du <a href=\"https:\/\/spiac-cgt.org\/\">SPIAC CGT<\/a>, pour nous parler de la convention collective et de nos droits en tant que salari\u00e9s dans le cin\u00e9ma d&rsquo;animation.<\/p>\n\n\n\n<p>Le SPIAC CGT, un des syndicats les plus repr\u00e9sentatif dans l&rsquo;audiovisuel et le cin\u00e9ma, est aussi celui qui \u00e0 particip\u00e9 \u00e0 la r\u00e9daction de la premi\u00e8re convention collective en 2004. Cette intervention sera un moment privil\u00e9gi\u00e9 pour en apprendre plus sur le cot\u00e9 l\u00e9gal de notre travail, son histoire et son futur.<\/p>\n\n\n\n<p>Nicolas Yassinski nous fera une petite introduction sur le droit du travail et les enjeux actuels dans le cin\u00e9ma d&rsquo;animation pour ensuite \u00e9changer plus librement avec la salle.<\/p>\n\n\n\n<p>Rendez vous \u00e0 18h \u00e0 la cartoucherie salle sanial \u00e0 Bourg-l\u00e8s-Valence<\/p>\n\n\n\n<p><a href=\"https:\/\/maps.app.goo.gl\/wjGHATvokmrxkh9t6\">https:\/\/maps.app.goo.gl\/wjGHATvokmrxkh9t6<\/a><\/p>\n\n\n\n<p>Fin de la table ronde vers 19h30.<\/p>\n\n\n\n<figure class=\"wp-block-image size-full\"><img loading=\"lazy\" decoding=\"async\" width=\"639\" height=\"390\" src=\"https:\/\/www.collectif-les-etincelles.fr\/wp-content\/uploads\/2024\/10\/image-1.png\" alt=\"\" class=\"wp-image-145\" srcset=\"https:\/\/www.collectif-les-etincelles.fr\/wp-content\/uploads\/2024\/10\/image-1.png 639w, https:\/\/www.collectif-les-etincelles.fr\/wp-content\/uploads\/2024\/10\/image-1-300x183.png 300w\" sizes=\"auto, (max-width: 639px) 100vw, 639px\" \/><\/figure>\n\n\n\n<p>Affiche t\u00e9l\u00e9chargeable ici : <\/p>\n\n\n\n<p><a href=\"http:\/\/www.collectif-les-etincelles.fr\/wp-content\/uploads\/2024\/10\/TR_AFFICHE_NICOLAS_V05.png\">http:\/\/www.collectif-les-etincelles.fr\/wp-content\/uploads\/2024\/10\/TR_AFFICHE_NICOLAS_V05.png<\/a><\/p>\n\n\n\n<p><\/p>\n","protected":false},"excerpt":{"rendered":"<p>Le 13 novembre \u00e0 18h nous aurons le plaisir de recevoir Nicolas Yassinski , juriste et d\u00e9l\u00e9gu\u00e9 g\u00e9n\u00e9ral du SPIAC CGT, pour nous parler de la convention collective et de nos droits en tant que salari\u00e9s dans le cin\u00e9ma d&rsquo;animation. Le SPIAC CGT, un des syndicats les plus repr\u00e9sentatif dans l&rsquo;audiovisuel et le cin\u00e9ma, est [&hellip;]<\/p>\n","protected":false},"author":1,"featured_media":154,"comment_status":"closed","ping_status":"open","sticky":false,"template":"","format":"standard","meta":{"footnotes":""},"categories":[9],"tags":[],"class_list":["post-143","post","type-post","status-publish","format-standard","has-post-thumbnail","hentry","category-evenement"],"_links":{"self":[{"href":"https:\/\/www.collectif-les-etincelles.fr\/index.php?rest_route=\/wp\/v2\/posts\/143","targetHints":{"allow":["GET"]}}],"collection":[{"href":"https:\/\/www.collectif-les-etincelles.fr\/index.php?rest_route=\/wp\/v2\/posts"}],"about":[{"href":"https:\/\/www.collectif-les-etincelles.fr\/index.php?rest_route=\/wp\/v2\/types\/post"}],"author":[{"embeddable":true,"href":"https:\/\/www.collectif-les-etincelles.fr\/index.php?rest_route=\/wp\/v2\/users\/1"}],"replies":[{"embeddable":true,"href":"https:\/\/www.collectif-les-etincelles.fr\/index.php?rest_route=%2Fwp%2Fv2%2Fcomments&post=143"}],"version-history":[{"count":19,"href":"https:\/\/www.collectif-les-etincelles.fr\/index.php?rest_route=\/wp\/v2\/posts\/143\/revisions"}],"predecessor-version":[{"id":213,"href":"https:\/\/www.collectif-les-etincelles.fr\/index.php?rest_route=\/wp\/v2\/posts\/143\/revisions\/213"}],"wp:featuredmedia":[{"embeddable":true,"href":"https:\/\/www.collectif-les-etincelles.fr\/index.php?rest_route=\/wp\/v2\/media\/154"}],"wp:attachment":[{"href":"https:\/\/www.collectif-les-etincelles.fr\/index.php?rest_route=%2Fwp%2Fv2%2Fmedia&parent=143"}],"wp:term":[{"taxonomy":"category","embeddable":true,"href":"https:\/\/www.collectif-les-etincelles.fr\/index.php?rest_route=%2Fwp%2Fv2%2Fcategories&post=143"},{"taxonomy":"post_tag","embeddable":true,"href":"https:\/\/www.collectif-les-etincelles.fr\/index.php?rest_route=%2Fwp%2Fv2%2Ftags&post=143"}],"curies":[{"name":"wp","href":"https:\/\/api.w.org\/{rel}","templated":true}]}}