{"id":301,"date":"2024-11-15T22:30:21","date_gmt":"2024-11-15T21:30:21","guid":{"rendered":"https:\/\/www.collectif-les-etincelles.fr\/?p=301"},"modified":"2024-11-15T23:19:12","modified_gmt":"2024-11-15T22:19:12","slug":"26-novembre-2024-table-ronde-sur-lhistoire-et-les-evolutions-du-cinema-danimation-en-france","status":"publish","type":"post","link":"https:\/\/www.collectif-les-etincelles.fr\/?p=301","title":{"rendered":"26 novembre 2024 : Table ronde sur l&rsquo;histoire et les \u00e9volutions du cin\u00e9ma d&rsquo;animation en France"},"content":{"rendered":"\n<p>Apr\u00e8s le succ\u00e8s de la table ronde du 13 novembre qui a accueilli plus de 40 personnes pour discuter du droit du travail et des \u00e9lections TPE 2024, nous recevons ce mardi 26 novembre, Jean-Luc Ballester, animateur, enseignant et co-pr\u00e9sident du SNTPCT pour nous parler de l\u2019histoire de l\u2019industrie du cin\u00e9ma d\u2019animation, de ses \u00e9volutions et de ses enjeux.<\/p>\n\n\n\n<p>Jean-Luc Ballester a travaill\u00e9 pendant 14 ans au mythique studio Disney de Montreuil jusqu&rsquo;\u00e0 sa fermeture en 2004. Animateur sur, entre autres, \u00ab\u00a0Tarzan\u00a0\u00bb, \u00ab\u00a0Hercule\u00a0\u00bb, \u00ab\u00a0Kusko\u00a0\u00bb et \u00ab\u00a0Le Bossu de notre Dame\u00a0\u00bb, sa carri\u00e8re artistique s&rsquo;est aussi accompagn\u00e9 d&rsquo;un engagement politique.<\/p>\n\n\n\n<p>Le SNTPCT, dont il est le co-pr\u00e9sident, si\u00e8ge aux n\u00e9gociations de la convention collective depuis 4 ans, o\u00f9 il a pu remport\u00e9 quelques victoires notamment r\u00e9cemment contre les contrats au forfait dans le storyboard. <\/p>\n\n\n\n<p>Cette table ronde sera le cadre id\u00e9al pour parler d&rsquo;animation et d&rsquo;engagement de 2004 \u00e0 2024. <\/p>\n\n\n\n<p><\/p>\n\n\n\n<p>Rendez vous toujours salle Sanial \u00e0 18h \u00e0 la cartoucherie !<\/p>\n\n\n\n<figure class=\"wp-block-image size-full\"><img loading=\"lazy\" decoding=\"async\" width=\"1010\" height=\"598\" src=\"https:\/\/www.collectif-les-etincelles.fr\/wp-content\/uploads\/2024\/11\/image-1.png\" alt=\"\" class=\"wp-image-312\" srcset=\"https:\/\/www.collectif-les-etincelles.fr\/wp-content\/uploads\/2024\/11\/image-1.png 1010w, https:\/\/www.collectif-les-etincelles.fr\/wp-content\/uploads\/2024\/11\/image-1-300x178.png 300w, https:\/\/www.collectif-les-etincelles.fr\/wp-content\/uploads\/2024\/11\/image-1-768x455.png 768w\" sizes=\"auto, (max-width: 1010px) 100vw, 1010px\" \/><\/figure>\n\n\n\n<p><a href=\"https:\/\/g.co\/kgs\/DY6HXmb\">https:\/\/g.co\/kgs\/DY6HXmb<\/a><\/p>\n\n\n\n<p>Pour t\u00e9l\u00e9charger l&rsquo;affiche : <\/p>\n\n\n\n<div class=\"wp-block-file\"><a id=\"wp-block-file--media-27a34028-6396-4448-8fa5-c784aeeb697c\" href=\"http:\/\/www.collectif-les-etincelles.fr\/wp-content\/uploads\/2024\/11\/Affiche_SNTPCT_Jeanluc_v04.png\">Affiche_SNTPCT_Jeanluc_v04<\/a><a href=\"http:\/\/www.collectif-les-etincelles.fr\/wp-content\/uploads\/2024\/11\/Affiche_SNTPCT_Jeanluc_v04.png\" class=\"wp-block-file__button wp-element-button\" download aria-describedby=\"wp-block-file--media-27a34028-6396-4448-8fa5-c784aeeb697c\">T\u00e9l\u00e9charger<\/a><\/div>\n\n\n\n<p><\/p>\n","protected":false},"excerpt":{"rendered":"<p>Apr\u00e8s le succ\u00e8s de la table ronde du 13 novembre qui a accueilli plus de 40 personnes pour discuter du droit du travail et des \u00e9lections TPE 2024, nous recevons ce mardi 26 novembre, Jean-Luc Ballester, animateur, enseignant et co-pr\u00e9sident du SNTPCT pour nous parler de l\u2019histoire de l\u2019industrie du cin\u00e9ma d\u2019animation, de ses \u00e9volutions [&hellip;]<\/p>\n","protected":false},"author":1,"featured_media":316,"comment_status":"closed","ping_status":"closed","sticky":false,"template":"","format":"standard","meta":{"footnotes":""},"categories":[9],"tags":[],"class_list":["post-301","post","type-post","status-publish","format-standard","has-post-thumbnail","hentry","category-evenement"],"_links":{"self":[{"href":"https:\/\/www.collectif-les-etincelles.fr\/index.php?rest_route=\/wp\/v2\/posts\/301","targetHints":{"allow":["GET"]}}],"collection":[{"href":"https:\/\/www.collectif-les-etincelles.fr\/index.php?rest_route=\/wp\/v2\/posts"}],"about":[{"href":"https:\/\/www.collectif-les-etincelles.fr\/index.php?rest_route=\/wp\/v2\/types\/post"}],"author":[{"embeddable":true,"href":"https:\/\/www.collectif-les-etincelles.fr\/index.php?rest_route=\/wp\/v2\/users\/1"}],"replies":[{"embeddable":true,"href":"https:\/\/www.collectif-les-etincelles.fr\/index.php?rest_route=%2Fwp%2Fv2%2Fcomments&post=301"}],"version-history":[{"count":9,"href":"https:\/\/www.collectif-les-etincelles.fr\/index.php?rest_route=\/wp\/v2\/posts\/301\/revisions"}],"predecessor-version":[{"id":324,"href":"https:\/\/www.collectif-les-etincelles.fr\/index.php?rest_route=\/wp\/v2\/posts\/301\/revisions\/324"}],"wp:featuredmedia":[{"embeddable":true,"href":"https:\/\/www.collectif-les-etincelles.fr\/index.php?rest_route=\/wp\/v2\/media\/316"}],"wp:attachment":[{"href":"https:\/\/www.collectif-les-etincelles.fr\/index.php?rest_route=%2Fwp%2Fv2%2Fmedia&parent=301"}],"wp:term":[{"taxonomy":"category","embeddable":true,"href":"https:\/\/www.collectif-les-etincelles.fr\/index.php?rest_route=%2Fwp%2Fv2%2Fcategories&post=301"},{"taxonomy":"post_tag","embeddable":true,"href":"https:\/\/www.collectif-les-etincelles.fr\/index.php?rest_route=%2Fwp%2Fv2%2Ftags&post=301"}],"curies":[{"name":"wp","href":"https:\/\/api.w.org\/{rel}","templated":true}]}}