{"id":349,"date":"2024-12-06T09:21:15","date_gmt":"2024-12-06T08:21:15","guid":{"rendered":"https:\/\/www.collectif-les-etincelles.fr\/?p=349"},"modified":"2024-12-07T11:15:27","modified_gmt":"2024-12-07T10:15:27","slug":"cest-les-derniers-jours-pour-les-elections-t-p-e","status":"publish","type":"post","link":"https:\/\/www.collectif-les-etincelles.fr\/?p=349","title":{"rendered":"C&rsquo;est les derniers jours pour les \u00e9lections T.P.E !!!"},"content":{"rendered":"\n<p>Apr\u00e8s le lundi 9 d\u00e9cembre \u00e0 17h il ne sera plus possible de voter au \u00e9lections TPE de 2024 , prochain rendez vous en &#8230;. 2028 !<\/p>\n\n\n\n<p>C&rsquo;est pour cela qu&rsquo;il est crucial que ceux et celles qui peuvent voter, c&rsquo;est \u00e0 dire : <strong>qui ont travaill\u00e9s dans une TPE au moins 1 jour en d\u00e9cembre 2023 <\/strong>( oui cette r\u00e8gle est d\u00e9bile, et probablement \u00e0 dessein ) , vote pour un syndicat.<\/p>\n\n\n\n<p>On le rappel, en fonction de la combativit\u00e9 des syndicats \u00e9lus, cette \u00e9lection peut avoir un impacte radical sur nos conditions de travail dans l&rsquo;animation. Ces syndicats seront en premi\u00e8re ligne pour n\u00e9gocier le contenu de la convention collective, un texte de loi que les studio sont <strong><mark style=\"background-color:rgba(0, 0, 0, 0)\" class=\"has-inline-color has-accent-3-color\">oblig\u00e9s <\/mark><\/strong>de respecter.<\/p>\n\n\n\n<p>Pour voter c&rsquo;est tr\u00e8s simple et tr\u00e8s bien expliqu\u00e9 sur le site officiel : <\/p>\n\n\n\n<p><a href=\"https:\/\/election-tpe.travail.gouv.fr\">https:\/\/election-tpe.travail.gouv.fr<\/a><\/p>\n\n\n\n<p>( on le rappel , m\u00eame les personnes n&rsquo;ayant pas la nationalit\u00e9 fran\u00e7aise peuvent voter ! )<\/p>\n\n\n\n<p>N&rsquo;h\u00e9sitez pas \u00e0 partager nos flyers :<\/p>\n\n\n\n<figure class=\"wp-block-embed is-type-wp-embed is-provider-les-tincelles wp-block-embed-les-tincelles\"><div class=\"wp-block-embed__wrapper\">\n<blockquote class=\"wp-embedded-content\" data-secret=\"tYtirNJ7v2\"><a href=\"https:\/\/www.collectif-les-etincelles.fr\/?p=97\">C&rsquo;est les \u00e9lections T.P.E !<\/a><\/blockquote><iframe loading=\"lazy\" class=\"wp-embedded-content\" sandbox=\"allow-scripts\" security=\"restricted\" style=\"position: absolute; visibility: hidden;\" title=\"\u00ab\u00a0C&rsquo;est les \u00e9lections T.P.E !\u00a0\u00bb &#8212; Les \u00c9tincelles\" src=\"https:\/\/www.collectif-les-etincelles.fr\/?p=97&#038;embed=true#?secret=70Py7pQpsO#?secret=tYtirNJ7v2\" data-secret=\"tYtirNJ7v2\" width=\"500\" height=\"282\" frameborder=\"0\" marginwidth=\"0\" marginheight=\"0\" scrolling=\"no\"><\/iframe>\n<\/div><\/figure>\n\n\n\n<p>ET en cadeau (c&rsquo;est no\u00ebl!)  Quelque clips \u00e0 partager sur vos r\u00e9seaux ( n&rsquo;oubliez pas de citer les \u00e9tincelles ) <\/p>\n\n\n\n<figure class=\"wp-block-video\"><video height=\"576\" style=\"aspect-ratio: 324 \/ 576;\" width=\"324\" controls src=\"https:\/\/www.collectif-les-etincelles.fr\/wp-content\/uploads\/2024\/12\/TPE_LAST_CHANCE0001-0488.mp4\"><\/video><\/figure>\n\n\n\n<figure class=\"wp-block-video\"><video height=\"960\" style=\"aspect-ratio: 540 \/ 960;\" width=\"540\" controls src=\"https:\/\/www.collectif-les-etincelles.fr\/wp-content\/uploads\/2024\/12\/TPE_LAST_CHANCE-20001-0488.mp4\"><\/video><\/figure>\n\n\n\n<p>BON VOTE ! <\/p>\n","protected":false},"excerpt":{"rendered":"<p>Apr\u00e8s le lundi 9 d\u00e9cembre \u00e0 17h il ne sera plus possible de voter au \u00e9lections TPE de 2024 , prochain rendez vous en &#8230;. 2028 ! C&rsquo;est pour cela qu&rsquo;il est crucial que ceux et celles qui peuvent voter, c&rsquo;est \u00e0 dire : qui ont travaill\u00e9s dans une TPE au moins 1 jour en [&hellip;]<\/p>\n","protected":false},"author":1,"featured_media":352,"comment_status":"closed","ping_status":"closed","sticky":false,"template":"","format":"standard","meta":{"footnotes":""},"categories":[12],"tags":[],"class_list":["post-349","post","type-post","status-publish","format-standard","has-post-thumbnail","hentry","category-actualite"],"_links":{"self":[{"href":"https:\/\/www.collectif-les-etincelles.fr\/index.php?rest_route=\/wp\/v2\/posts\/349","targetHints":{"allow":["GET"]}}],"collection":[{"href":"https:\/\/www.collectif-les-etincelles.fr\/index.php?rest_route=\/wp\/v2\/posts"}],"about":[{"href":"https:\/\/www.collectif-les-etincelles.fr\/index.php?rest_route=\/wp\/v2\/types\/post"}],"author":[{"embeddable":true,"href":"https:\/\/www.collectif-les-etincelles.fr\/index.php?rest_route=\/wp\/v2\/users\/1"}],"replies":[{"embeddable":true,"href":"https:\/\/www.collectif-les-etincelles.fr\/index.php?rest_route=%2Fwp%2Fv2%2Fcomments&post=349"}],"version-history":[{"count":6,"href":"https:\/\/www.collectif-les-etincelles.fr\/index.php?rest_route=\/wp\/v2\/posts\/349\/revisions"}],"predecessor-version":[{"id":363,"href":"https:\/\/www.collectif-les-etincelles.fr\/index.php?rest_route=\/wp\/v2\/posts\/349\/revisions\/363"}],"wp:featuredmedia":[{"embeddable":true,"href":"https:\/\/www.collectif-les-etincelles.fr\/index.php?rest_route=\/wp\/v2\/media\/352"}],"wp:attachment":[{"href":"https:\/\/www.collectif-les-etincelles.fr\/index.php?rest_route=%2Fwp%2Fv2%2Fmedia&parent=349"}],"wp:term":[{"taxonomy":"category","embeddable":true,"href":"https:\/\/www.collectif-les-etincelles.fr\/index.php?rest_route=%2Fwp%2Fv2%2Fcategories&post=349"},{"taxonomy":"post_tag","embeddable":true,"href":"https:\/\/www.collectif-les-etincelles.fr\/index.php?rest_route=%2Fwp%2Fv2%2Ftags&post=349"}],"curies":[{"name":"wp","href":"https:\/\/api.w.org\/{rel}","templated":true}]}}