{"id":402,"date":"2025-02-24T22:29:32","date_gmt":"2025-02-24T21:29:32","guid":{"rendered":"https:\/\/www.collectif-les-etincelles.fr\/?p=402"},"modified":"2025-11-27T08:43:10","modified_gmt":"2025-11-27T07:43:10","slug":"table-ronde-3","status":"publish","type":"post","link":"https:\/\/www.collectif-les-etincelles.fr\/?p=402","title":{"rendered":"5 mars 2025 : Table ronde # 3"},"content":{"rendered":"\n<p>Pour continuer notre tour des syndicats repr\u00e9sentatifs du cin\u00e9ma d&rsquo;animation. Nous recevrons ce mercredi 5 mars 2025, apr\u00e8s le SPIAC-CGT et le SNTPCT, un repr\u00e9sentant de la Conf\u00e9d\u00e9ration Nationale du Travail (CNT) en la personne de C\u00e9dric Chapeleau, salari\u00e9 et d\u00e9l\u00e9gu\u00e9 syndical \u00e0 Illumination Studios Paris.<\/p>\n\n\n\n<p><\/p>\n\n\n\n<figure class=\"wp-block-image size-large\"><img loading=\"lazy\" decoding=\"async\" width=\"1024\" height=\"510\" src=\"https:\/\/www.collectif-les-etincelles.fr\/wp-content\/uploads\/2025\/02\/image-1024x510.png\" alt=\"\" class=\"wp-image-408\" srcset=\"https:\/\/www.collectif-les-etincelles.fr\/wp-content\/uploads\/2025\/02\/image-1024x510.png 1024w, https:\/\/www.collectif-les-etincelles.fr\/wp-content\/uploads\/2025\/02\/image-300x149.png 300w, https:\/\/www.collectif-les-etincelles.fr\/wp-content\/uploads\/2025\/02\/image-768x383.png 768w, https:\/\/www.collectif-les-etincelles.fr\/wp-content\/uploads\/2025\/02\/image.png 1130w\" sizes=\"auto, (max-width: 1024px) 100vw, 1024px\" \/><\/figure>\n\n\n\n<p>Le studio Illumination enchaine les longs m\u00e9trages 3D qui rapportent gros. Des \u00ab Minions \u00bb au film \u00ab Super Mario The Movie \u00bb , la poule aux \u0153ufs d&rsquo;or fran\u00e7aise ne va pas sans certaines tensions embl\u00e9matiques de notre milieu entre organisations patronales et syndicats de salari\u00e9\u00b7es.<\/p>\n\n\n\n<p>Notre invit\u00e9 nous fera part de son exp\u00e9rience de d\u00e9l\u00e9gu\u00e9 syndical du SIPMCS-CNT (Syndicat Interprofessionnel de la Presse, des M\u00e9dias, de la Culture et du Spectacle, f\u00e9d\u00e9r\u00e9 \u00e0 la CNT), mais aussi en tant que membre \u00e9lu titulaire de la d\u00e9l\u00e9gation du personnel au CSE (Comit\u00e9 Social et \u00c9conomique) d&rsquo;un des plus gros studio Fran\u00e7ais en termes d&rsquo;effectifs.<\/p>\n\n\n\n<p>Au del\u00e0 de son activit\u00e9 au CSE, C\u00e9dric Chapeleau repr\u00e9sente \u00e9galement, depuis 4 ans, la CNT  \u00e0 la table des n\u00e9gociations de notre convention collective. Une occasion de plus de parler de ce texte qui cristallise une multitude de luttes et de revendications.<\/p>\n\n\n\n<figure class=\"wp-block-image size-full\"><img loading=\"lazy\" decoding=\"async\" width=\"210\" height=\"240\" src=\"https:\/\/www.collectif-les-etincelles.fr\/wp-content\/uploads\/2025\/02\/telechargement.webp\" alt=\"\" class=\"wp-image-407\"\/><\/figure>\n\n\n\n<p>La CNT, pr\u00e9sente aussi dans de nombreux secteurs d&rsquo;activit\u00e9 comme les m\u00e9dias, la presse, la culture et le spectacle, se revendique de l&rsquo;Anarcho-syndicalisme. Ce mouvement international porte une tr\u00e8s forte culture autogestionnaire et d\u00e9mocratique. Une source d&rsquo;inspiration bienvenue pour ceux et celles qui veulent penser une organisation puissante des salari\u00e9\u00b7es et militant\u00b7es au-del\u00e0 des hi\u00e9rarchies et du management moderne.<\/p>\n\n\n\n<p>Comme d&rsquo;habitude, l&rsquo;invit\u00e9 se pr\u00e9sentera puis r\u00e9pondra aux questions de la salle dans un \u00e9change informel et libre.<\/p>\n\n\n\n<p>On vous esp\u00e8re nombreux et nombreuses pour cette nouvelle table ronde autour du syndicalisme et de l&rsquo;animation. <\/p>\n\n\n\n<p>18h00 salle Sanial , La Cartoucherie, Bourg-l\u00e8s-Valence<\/p>\n\n\n\n<p>\u00e0 bientot !<\/p>\n\n\n\n<p><\/p>\n\n\n\n<p><\/p>\n\n\n\n<p><\/p>\n","protected":false},"excerpt":{"rendered":"<p>Pour continuer notre tour des syndicats repr\u00e9sentatifs du cin\u00e9ma d&rsquo;animation. Nous recevrons ce mercredi 5 mars 2025, apr\u00e8s le SPIAC-CGT et le SNTPCT, un repr\u00e9sentant de la Conf\u00e9d\u00e9ration Nationale du Travail (CNT) en la personne de C\u00e9dric Chapeleau, salari\u00e9 et d\u00e9l\u00e9gu\u00e9 syndical \u00e0 Illumination Studios Paris. Le studio Illumination enchaine les longs m\u00e9trages 3D qui [&hellip;]<\/p>\n","protected":false},"author":1,"featured_media":404,"comment_status":"closed","ping_status":"closed","sticky":false,"template":"","format":"standard","meta":{"footnotes":""},"categories":[9],"tags":[],"class_list":["post-402","post","type-post","status-publish","format-standard","has-post-thumbnail","hentry","category-evenement"],"_links":{"self":[{"href":"https:\/\/www.collectif-les-etincelles.fr\/index.php?rest_route=\/wp\/v2\/posts\/402","targetHints":{"allow":["GET"]}}],"collection":[{"href":"https:\/\/www.collectif-les-etincelles.fr\/index.php?rest_route=\/wp\/v2\/posts"}],"about":[{"href":"https:\/\/www.collectif-les-etincelles.fr\/index.php?rest_route=\/wp\/v2\/types\/post"}],"author":[{"embeddable":true,"href":"https:\/\/www.collectif-les-etincelles.fr\/index.php?rest_route=\/wp\/v2\/users\/1"}],"replies":[{"embeddable":true,"href":"https:\/\/www.collectif-les-etincelles.fr\/index.php?rest_route=%2Fwp%2Fv2%2Fcomments&post=402"}],"version-history":[{"count":20,"href":"https:\/\/www.collectif-les-etincelles.fr\/index.php?rest_route=\/wp\/v2\/posts\/402\/revisions"}],"predecessor-version":[{"id":434,"href":"https:\/\/www.collectif-les-etincelles.fr\/index.php?rest_route=\/wp\/v2\/posts\/402\/revisions\/434"}],"wp:featuredmedia":[{"embeddable":true,"href":"https:\/\/www.collectif-les-etincelles.fr\/index.php?rest_route=\/wp\/v2\/media\/404"}],"wp:attachment":[{"href":"https:\/\/www.collectif-les-etincelles.fr\/index.php?rest_route=%2Fwp%2Fv2%2Fmedia&parent=402"}],"wp:term":[{"taxonomy":"category","embeddable":true,"href":"https:\/\/www.collectif-les-etincelles.fr\/index.php?rest_route=%2Fwp%2Fv2%2Fcategories&post=402"},{"taxonomy":"post_tag","embeddable":true,"href":"https:\/\/www.collectif-les-etincelles.fr\/index.php?rest_route=%2Fwp%2Fv2%2Ftags&post=402"}],"curies":[{"name":"wp","href":"https:\/\/api.w.org\/{rel}","templated":true}]}}