{"id":493,"date":"2025-11-26T23:07:10","date_gmt":"2025-11-26T22:07:10","guid":{"rendered":"https:\/\/www.collectif-les-etincelles.fr\/?p=493"},"modified":"2025-11-27T08:42:44","modified_gmt":"2025-11-27T07:42:44","slug":"3-decembre-soiree-de-rentree","status":"publish","type":"post","link":"https:\/\/www.collectif-les-etincelles.fr\/?p=493","title":{"rendered":"3 d\u00e9cembre Soir\u00e9e de rentr\u00e9e !"},"content":{"rendered":"\n<p>Les cr\u00eapes vont chauffer \u00e0 nouveau en salle Sanial !<br>Le Collectif des \u00c9tincelles est de retour pour vous pr\u00e9senter leurs projets pour 2026, le 3 d\u00e9cembre 2025 \u00e0 17h30.<\/p>\n\n\n\n<p>Ne manquez pas la tant attendue seconde \u00e9dition du <strong>quiz de No\u00ebl <\/strong>qui vera s&rsquo;affronter 3 \u00e9quipes pour le titre prestigieux de la cr\u00eape d&rsquo;OR 2025. <\/p>\n\n\n\n<p>Alors , \u00e0 bient\u00f4t, \u00e0 vos cr\u00eapes et \u00e0 vos buzzeurs !<\/p>\n\n\n\n<p><\/p>\n","protected":false},"excerpt":{"rendered":"<p>Les cr\u00eapes vont chauffer \u00e0 nouveau en salle Sanial !Le Collectif des \u00c9tincelles est de retour pour vous pr\u00e9senter leurs projets pour 2026, le 3 d\u00e9cembre 2025 \u00e0 17h30. Ne manquez pas la tant attendue seconde \u00e9dition du quiz de No\u00ebl qui vera s&rsquo;affronter 3 \u00e9quipes pour le titre prestigieux de la cr\u00eape d&rsquo;OR 2025. [&hellip;]<\/p>\n","protected":false},"author":1,"featured_media":494,"comment_status":"closed","ping_status":"closed","sticky":true,"template":"","format":"standard","meta":{"footnotes":""},"categories":[9],"tags":[],"class_list":["post-493","post","type-post","status-publish","format-standard","has-post-thumbnail","hentry","category-evenement"],"_links":{"self":[{"href":"https:\/\/www.collectif-les-etincelles.fr\/index.php?rest_route=\/wp\/v2\/posts\/493","targetHints":{"allow":["GET"]}}],"collection":[{"href":"https:\/\/www.collectif-les-etincelles.fr\/index.php?rest_route=\/wp\/v2\/posts"}],"about":[{"href":"https:\/\/www.collectif-les-etincelles.fr\/index.php?rest_route=\/wp\/v2\/types\/post"}],"author":[{"embeddable":true,"href":"https:\/\/www.collectif-les-etincelles.fr\/index.php?rest_route=\/wp\/v2\/users\/1"}],"replies":[{"embeddable":true,"href":"https:\/\/www.collectif-les-etincelles.fr\/index.php?rest_route=%2Fwp%2Fv2%2Fcomments&post=493"}],"version-history":[{"count":1,"href":"https:\/\/www.collectif-les-etincelles.fr\/index.php?rest_route=\/wp\/v2\/posts\/493\/revisions"}],"predecessor-version":[{"id":495,"href":"https:\/\/www.collectif-les-etincelles.fr\/index.php?rest_route=\/wp\/v2\/posts\/493\/revisions\/495"}],"wp:featuredmedia":[{"embeddable":true,"href":"https:\/\/www.collectif-les-etincelles.fr\/index.php?rest_route=\/wp\/v2\/media\/494"}],"wp:attachment":[{"href":"https:\/\/www.collectif-les-etincelles.fr\/index.php?rest_route=%2Fwp%2Fv2%2Fmedia&parent=493"}],"wp:term":[{"taxonomy":"category","embeddable":true,"href":"https:\/\/www.collectif-les-etincelles.fr\/index.php?rest_route=%2Fwp%2Fv2%2Fcategories&post=493"},{"taxonomy":"post_tag","embeddable":true,"href":"https:\/\/www.collectif-les-etincelles.fr\/index.php?rest_route=%2Fwp%2Fv2%2Ftags&post=493"}],"curies":[{"name":"wp","href":"https:\/\/api.w.org\/{rel}","templated":true}]}}