{"id":97,"date":"2024-10-29T19:44:06","date_gmt":"2024-10-29T18:44:06","guid":{"rendered":"https:\/\/www.collectif-les-etincelles.fr\/?p=97"},"modified":"2025-01-26T21:22:12","modified_gmt":"2025-01-26T20:22:12","slug":"cest-les-elections-tpe","status":"publish","type":"post","link":"https:\/\/www.collectif-les-etincelles.fr\/?p=97","title":{"rendered":"C&rsquo;est les \u00e9lections T.P.E !"},"content":{"rendered":"\n<p>Du 25 novembre au 9 d\u00e9cembre 2024 nous, salari\u00e9s du cin\u00e9ma d&rsquo;animation, auront la chance de pouvoir voter aux \u00e9lections T.P.E (Tr\u00e8s Petites Entreprises)<\/p>\n\n\n\n<p>C&rsquo;est une \u00e9lection \u00e0 l&rsquo;\u00e9chelle nationale qui permet aux salari\u00e9s du cin\u00e9mas d&rsquo;animation de choisir les syndicats qui n\u00e9gocieront notre convention collective avec les <a href=\"https:\/\/www.animfrance.fr\/\" data-type=\"link\" data-id=\"https:\/\/www.animfrance.fr\/\">syndicats d&#8217;employeurs<\/a>. Vous n&rsquo;avez rien compris ? c&rsquo;est normal, cette \u00e9lection est tr\u00e8s peu m\u00e9diatis\u00e9e, et expliqu\u00e9e.<\/p>\n\n\n\n<p>Pourtant elle est tr\u00e8s importante pour nos carri\u00e8res et nos vies .Elle nous donne du pouvoir sur ce qu&rsquo;on appelle <mark style=\"background-color:#4D5B48\" class=\"has-inline-color has-contrast-color\"><strong>la convention collective<\/strong><\/mark><\/p>\n\n\n\n<p>La convention collective c&rsquo;est un texte de loi qui s&rsquo;ajoute au code du travail pour cadrer les salaires et conditions de travail sp\u00e9cifiques au cin\u00e9ma d&rsquo;animation. C&rsquo;est un texte que les studios sont oblig\u00e9s de respecter, ce qui en fait un outils privil\u00e9gi\u00e9 pour <mark style=\"background-color:#4D5B48\" class=\"has-inline-color has-contrast-color\">nous prot\u00e9ger des abus et faire progresser nos conditions de travail<\/mark> (notamment en terme de r\u00e9mun\u00e9ration)<\/p>\n\n\n\n<p>Pour consulter la convention : <a href=\"https:\/\/www.legifrance.gouv.fr\/conv_coll\/id\/KALICONT000005635129\">https:\/\/www.legifrance.gouv.fr\/conv_coll\/id\/KALICONT000005635129<\/a><\/p>\n\n\n\n<p>Donc il est important que les syndicats qui vont n\u00e9gocier cette convention soient du cot\u00e9 des salari\u00e9s et aient \u00e0 c\u0153ur de les d\u00e9fendre. Cela peut se faire de plein de mani\u00e8res diff\u00e9rentes mais si nous laissons les syndicats d&#8217;employeurs la modifier sans opposition, nos conditions de travail risquent, au mieux, de stagner, au pire, de se d\u00e9grader. <\/p>\n\n\n\n<p>Pour voter \u00e0 cette \u00e9lection il suffit d&rsquo;avoir travaill\u00e9 dans une TPE en d\u00e9cembre 2023 . Vous avez peut \u00eatre re\u00e7u un courrier du minist\u00e8re du travail confirmant votre droit de vote. Si ce n&rsquo;est pas le cas, pas de panique, vous pouvez v\u00e9rifier tout \u00e7a sur le site des \u00e9lections TPE. C&rsquo;est d&rsquo;ailleurs l\u00e0 que le vote se passera le 25 novembre 2024. <\/p>\n\n\n\n<p><a href=\"https:\/\/election-tpe.travail.gouv.fr\">https:\/\/election-tpe.travail.gouv.fr<\/a><\/p>\n\n\n\n<p>Alors, \u00e9tudiez bien les diff\u00e9rents syndicats candidats, il y a beaucoup de sujets qui peuvent vous concerner dans leur programme. Et en novembre, n&rsquo;oubliez pas de voter ! <\/p>\n\n\n\n<p>La participation est cruciale car la prochaine \u00e9lection n&rsquo;aura lieu que dans 4 ans ! le vote est anonyme donc pas de raison de se priver<\/p>\n\n\n\n<p>Il est aussi tr\u00e8s important de parler le plus possible de cette \u00e9lection autour de vous. Nous ne sommes pas nombreux dans l&rsquo;animation. Donc <mark style=\"background-color:#973C20\" class=\"has-inline-color has-contrast-color\">chaque petit vote peut faire basculer la majorit\u00e9<\/mark> entre syndicats pro salari\u00e9s et pro employeurs.<\/p>\n\n\n\n<p>Avec les \u00e9tincelles nous vous avons soigneusement pr\u00e9par\u00e9 des Flyers recto versos que vous pouvez imprimer et mettre o\u00f9 bon vous semble pour qu&rsquo;il y ai un vote massif \u00e0 ces \u00e9lections. <\/p>\n\n\n\n<p>Pour les t\u00e9l\u00e9charger : <\/p>\n\n\n\n<p><a href=\"http:\/\/www.collectif-les-etincelles.fr\/wp-content\/uploads\/2024\/10\/TPE_FLYER_A.pdf\">https:\/\/www.collectif-les-etincelles.fr\/wp-content\/uploads\/2024\/10\/Flyer_TPE_A_Recto_corr_2.pdf<\/a><\/p>\n\n\n\n<p><a href=\"http:\/\/www.collectif-les-etincelles.fr\/wp-content\/uploads\/2024\/10\/TPE_FLYER_B.pdf\">https:\/\/www.collectif-les-etincelles.fr\/wp-content\/uploads\/2024\/10\/TPE_FLYER_B_2.pdf<\/a><\/p>\n\n\n\n<p><a href=\"http:\/\/www.collectif-les-etincelles.fr\/wp-content\/uploads\/2024\/10\/TPE_FLYER_C.pdf\">http:\/\/www.collectif-les-etincelles.fr\/wp-content\/uploads\/2024\/10\/TPE_FLYER_C.pdf<\/a><\/p>\n\n\n\n<div class=\"wp-block-columns is-layout-flex wp-container-core-columns-is-layout-28f84493 wp-block-columns-is-layout-flex\">\n<div class=\"wp-block-column is-layout-flow wp-block-column-is-layout-flow\">\n<figure class=\"wp-block-image size-large\"><img loading=\"lazy\" decoding=\"async\" width=\"724\" height=\"1024\" src=\"http:\/\/www.collectif-les-etincelles.fr\/wp-content\/uploads\/2024\/10\/Flyer_TPE_A_Recto-724x1024.png\" alt=\"\" class=\"wp-image-95\" srcset=\"https:\/\/www.collectif-les-etincelles.fr\/wp-content\/uploads\/2024\/10\/Flyer_TPE_A_Recto-724x1024.png 724w, https:\/\/www.collectif-les-etincelles.fr\/wp-content\/uploads\/2024\/10\/Flyer_TPE_A_Recto-212x300.png 212w, https:\/\/www.collectif-les-etincelles.fr\/wp-content\/uploads\/2024\/10\/Flyer_TPE_A_Recto-768x1086.png 768w, https:\/\/www.collectif-les-etincelles.fr\/wp-content\/uploads\/2024\/10\/Flyer_TPE_A_Recto-1086x1536.png 1086w, https:\/\/www.collectif-les-etincelles.fr\/wp-content\/uploads\/2024\/10\/Flyer_TPE_A_Recto-1448x2048.png 1448w\" sizes=\"auto, (max-width: 724px) 100vw, 724px\" \/><\/figure>\n<\/div>\n\n\n\n<div class=\"wp-block-column is-layout-flow wp-block-column-is-layout-flow\">\n<figure class=\"wp-block-image size-large\"><img loading=\"lazy\" decoding=\"async\" width=\"724\" height=\"1024\" src=\"http:\/\/www.collectif-les-etincelles.fr\/wp-content\/uploads\/2024\/10\/Flyer_TPE_B_Recto-724x1024.png\" alt=\"\" class=\"wp-image-96\" srcset=\"https:\/\/www.collectif-les-etincelles.fr\/wp-content\/uploads\/2024\/10\/Flyer_TPE_B_Recto-724x1024.png 724w, https:\/\/www.collectif-les-etincelles.fr\/wp-content\/uploads\/2024\/10\/Flyer_TPE_B_Recto-212x300.png 212w, https:\/\/www.collectif-les-etincelles.fr\/wp-content\/uploads\/2024\/10\/Flyer_TPE_B_Recto-768x1086.png 768w, https:\/\/www.collectif-les-etincelles.fr\/wp-content\/uploads\/2024\/10\/Flyer_TPE_B_Recto-1086x1536.png 1086w, https:\/\/www.collectif-les-etincelles.fr\/wp-content\/uploads\/2024\/10\/Flyer_TPE_B_Recto-1448x2048.png 1448w\" sizes=\"auto, (max-width: 724px) 100vw, 724px\" \/><\/figure>\n<\/div>\n\n\n\n<div class=\"wp-block-column is-layout-flow wp-block-column-is-layout-flow\">\n<figure class=\"wp-block-image size-large\"><img loading=\"lazy\" decoding=\"async\" width=\"724\" height=\"1024\" src=\"http:\/\/www.collectif-les-etincelles.fr\/wp-content\/uploads\/2024\/10\/Flyer_TPE_C_Recto-724x1024.png\" alt=\"\" class=\"wp-image-98\" srcset=\"https:\/\/www.collectif-les-etincelles.fr\/wp-content\/uploads\/2024\/10\/Flyer_TPE_C_Recto-724x1024.png 724w, https:\/\/www.collectif-les-etincelles.fr\/wp-content\/uploads\/2024\/10\/Flyer_TPE_C_Recto-212x300.png 212w, https:\/\/www.collectif-les-etincelles.fr\/wp-content\/uploads\/2024\/10\/Flyer_TPE_C_Recto-768x1086.png 768w, https:\/\/www.collectif-les-etincelles.fr\/wp-content\/uploads\/2024\/10\/Flyer_TPE_C_Recto-1086x1536.png 1086w, https:\/\/www.collectif-les-etincelles.fr\/wp-content\/uploads\/2024\/10\/Flyer_TPE_C_Recto-1448x2048.png 1448w\" sizes=\"auto, (max-width: 724px) 100vw, 724px\" \/><\/figure>\n<\/div>\n<\/div>\n\n\n\n<figure class=\"wp-block-image size-large\"><img loading=\"lazy\" decoding=\"async\" width=\"724\" height=\"1024\" src=\"http:\/\/www.collectif-les-etincelles.fr\/wp-content\/uploads\/2024\/10\/FLYER_TPE_VERSO_V11-724x1024.png\" alt=\"\" class=\"wp-image-160\" srcset=\"https:\/\/www.collectif-les-etincelles.fr\/wp-content\/uploads\/2024\/10\/FLYER_TPE_VERSO_V11-724x1024.png 724w, https:\/\/www.collectif-les-etincelles.fr\/wp-content\/uploads\/2024\/10\/FLYER_TPE_VERSO_V11-212x300.png 212w, https:\/\/www.collectif-les-etincelles.fr\/wp-content\/uploads\/2024\/10\/FLYER_TPE_VERSO_V11-768x1086.png 768w, https:\/\/www.collectif-les-etincelles.fr\/wp-content\/uploads\/2024\/10\/FLYER_TPE_VERSO_V11-1086x1536.png 1086w, https:\/\/www.collectif-les-etincelles.fr\/wp-content\/uploads\/2024\/10\/FLYER_TPE_VERSO_V11-1448x2048.png 1448w\" sizes=\"auto, (max-width: 724px) 100vw, 724px\" \/><\/figure>\n","protected":false},"excerpt":{"rendered":"<p>Du 25 novembre au 9 d\u00e9cembre 2024 nous, salari\u00e9s du cin\u00e9ma d&rsquo;animation, auront la chance de pouvoir voter aux \u00e9lections T.P.E (Tr\u00e8s Petites Entreprises) C&rsquo;est une \u00e9lection \u00e0 l&rsquo;\u00e9chelle nationale qui permet aux salari\u00e9s du cin\u00e9mas d&rsquo;animation de choisir les syndicats qui n\u00e9gocieront notre convention collective avec les syndicats d&#8217;employeurs. Vous n&rsquo;avez rien compris ? [&hellip;]<\/p>\n","protected":false},"author":1,"featured_media":98,"comment_status":"closed","ping_status":"open","sticky":false,"template":"","format":"standard","meta":{"footnotes":""},"categories":[12,8],"tags":[],"class_list":["post-97","post","type-post","status-publish","format-standard","has-post-thumbnail","hentry","category-actualite","category-communication"],"_links":{"self":[{"href":"https:\/\/www.collectif-les-etincelles.fr\/index.php?rest_route=\/wp\/v2\/posts\/97","targetHints":{"allow":["GET"]}}],"collection":[{"href":"https:\/\/www.collectif-les-etincelles.fr\/index.php?rest_route=\/wp\/v2\/posts"}],"about":[{"href":"https:\/\/www.collectif-les-etincelles.fr\/index.php?rest_route=\/wp\/v2\/types\/post"}],"author":[{"embeddable":true,"href":"https:\/\/www.collectif-les-etincelles.fr\/index.php?rest_route=\/wp\/v2\/users\/1"}],"replies":[{"embeddable":true,"href":"https:\/\/www.collectif-les-etincelles.fr\/index.php?rest_route=%2Fwp%2Fv2%2Fcomments&post=97"}],"version-history":[{"count":33,"href":"https:\/\/www.collectif-les-etincelles.fr\/index.php?rest_route=\/wp\/v2\/posts\/97\/revisions"}],"predecessor-version":[{"id":227,"href":"https:\/\/www.collectif-les-etincelles.fr\/index.php?rest_route=\/wp\/v2\/posts\/97\/revisions\/227"}],"wp:featuredmedia":[{"embeddable":true,"href":"https:\/\/www.collectif-les-etincelles.fr\/index.php?rest_route=\/wp\/v2\/media\/98"}],"wp:attachment":[{"href":"https:\/\/www.collectif-les-etincelles.fr\/index.php?rest_route=%2Fwp%2Fv2%2Fmedia&parent=97"}],"wp:term":[{"taxonomy":"category","embeddable":true,"href":"https:\/\/www.collectif-les-etincelles.fr\/index.php?rest_route=%2Fwp%2Fv2%2Fcategories&post=97"},{"taxonomy":"post_tag","embeddable":true,"href":"https:\/\/www.collectif-les-etincelles.fr\/index.php?rest_route=%2Fwp%2Fv2%2Ftags&post=97"}],"curies":[{"name":"wp","href":"https:\/\/api.w.org\/{rel}","templated":true}]}}